{"id":929,"date":"2019-12-13T07:42:02","date_gmt":"2019-12-13T07:42:02","guid":{"rendered":"http:\/\/kalajoenvarjoliitajat.net\/wordpress\/?p=929"},"modified":"2019-12-13T07:42:02","modified_gmt":"2019-12-13T07:42:02","slug":"ilmailulehti-yksi-oli-ylitse-muiden","status":"publish","type":"post","link":"https:\/\/kalajoenvarjoliitajat.net\/wordpress\/?p=929","title":{"rendered":"Ilmailulehti: &#8220;Yksi oli ylitse muiden&#8221;"},"content":{"rendered":"<div id=\"attachment_930\" style=\"width: 670px\" class=\"wp-caption alignnone\"><img loading=\"lazy\" decoding=\"async\" aria-describedby=\"caption-attachment-930\" class=\"wp-image-930 size-large\" src=\"https:\/\/kalajoenvarjoliitajat.net\/wordpress\/wp-content\/uploads\/2019\/12\/ilmailulehti_2019ilmailukuva-1024x441.jpg\" alt=\"\" width=\"660\" height=\"284\" srcset=\"https:\/\/kalajoenvarjoliitajat.net\/wordpress\/wp-content\/uploads\/2019\/12\/ilmailulehti_2019ilmailukuva-1024x441.jpg 1024w, https:\/\/kalajoenvarjoliitajat.net\/wordpress\/wp-content\/uploads\/2019\/12\/ilmailulehti_2019ilmailukuva-300x129.jpg 300w, https:\/\/kalajoenvarjoliitajat.net\/wordpress\/wp-content\/uploads\/2019\/12\/ilmailulehti_2019ilmailukuva-768x331.jpg 768w, https:\/\/kalajoenvarjoliitajat.net\/wordpress\/wp-content\/uploads\/2019\/12\/ilmailulehti_2019ilmailukuva-619x266.jpg 619w\" sizes=\"auto, (max-width: 660px) 100vw, 660px\" \/><p id=\"caption-attachment-930\" class=\"wp-caption-text\">Vuoden ilmailukuva 2019. Ilmailulehti.<\/p><\/div>\n<p>Ilmailu-lehden 2019 kuvakilpailun \u00e4\u00e4nestyksen tulokset on julkaistu. Vuoden ilmailukuvaksi valittiin Jari Jyrk\u00e4n valokuva &#8220;Se hetki&#8221;.<\/p>\n<p>Onnittelut menestyksest\u00e4!<\/p>\n<p>Lis\u00e4\u00e4 Jarin kuvia netiss\u00e4 voi n\u00e4hd\u00e4 <span style=\"color: #0000ff;\"><a style=\"color: #0000ff;\" href=\"https:\/\/get.google.com\/albumarchive\/105218608170676698692\">t\u00e4\u00e4lt\u00e4&#8230;<\/a>\u00a0<\/span><\/p>\n<p>Jarin videoita voi n\u00e4hd\u00e4 <span style=\"color: #0000ff;\"><a style=\"color: #0000ff;\" href=\"https:\/\/www.youtube.com\/user\/JyrJar\/videos\">t\u00e4\u00e4lt\u00e4&#8230;<\/a><\/span><\/p>\n<p>Facebook-ryhm\u00e4ss\u00e4: <span style=\"color: #0000ff;\"><a style=\"color: #0000ff;\" href=\"https:\/\/www.facebook.com\/groups\/579690528844142\/.\">Ilmakuvia Nivalasta<\/a>\u00a0<\/span><\/p>\n<p>Ilmailulehden juttu l\u00f6ytyy <span style=\"color: #0000ff;\">t\u00e4\u00e4lt\u00e4&#8230;<\/span><\/p>\n","protected":false},"excerpt":{"rendered":"<p>Ilmailu-lehden 2019 kuvakilpailun \u00e4\u00e4nestyksen tulokset on julkaistu. Vuoden ilmailukuvaksi valittiin Jari Jyrk\u00e4n valokuva &#8220;Se hetki&#8221;. Onnittelut menestyksest\u00e4! Lis\u00e4\u00e4 Jarin kuvia netiss\u00e4 voi n\u00e4hd\u00e4 t\u00e4\u00e4lt\u00e4&#8230;\u00a0 Jarin videoita voi n\u00e4hd\u00e4 t\u00e4\u00e4lt\u00e4&#8230; Facebook-ryhm\u00e4ss\u00e4: Ilmakuvia Nivalasta\u00a0 Ilmailulehden juttu l\u00f6ytyy t\u00e4\u00e4lt\u00e4&#8230;<\/p>\n","protected":false},"author":3,"featured_media":0,"comment_status":"open","ping_status":"open","sticky":false,"template":"","format":"standard","meta":{"footnotes":""},"categories":[1],"tags":[],"class_list":["post-929","post","type-post","status-publish","format-standard","hentry","category-ajankohtaista-etusivu"],"_links":{"self":[{"href":"https:\/\/kalajoenvarjoliitajat.net\/wordpress\/index.php?rest_route=\/wp\/v2\/posts\/929","targetHints":{"allow":["GET"]}}],"collection":[{"href":"https:\/\/kalajoenvarjoliitajat.net\/wordpress\/index.php?rest_route=\/wp\/v2\/posts"}],"about":[{"href":"https:\/\/kalajoenvarjoliitajat.net\/wordpress\/index.php?rest_route=\/wp\/v2\/types\/post"}],"author":[{"embeddable":true,"href":"https:\/\/kalajoenvarjoliitajat.net\/wordpress\/index.php?rest_route=\/wp\/v2\/users\/3"}],"replies":[{"embeddable":true,"href":"https:\/\/kalajoenvarjoliitajat.net\/wordpress\/index.php?rest_route=%2Fwp%2Fv2%2Fcomments&post=929"}],"version-history":[{"count":5,"href":"https:\/\/kalajoenvarjoliitajat.net\/wordpress\/index.php?rest_route=\/wp\/v2\/posts\/929\/revisions"}],"predecessor-version":[{"id":935,"href":"https:\/\/kalajoenvarjoliitajat.net\/wordpress\/index.php?rest_route=\/wp\/v2\/posts\/929\/revisions\/935"}],"wp:attachment":[{"href":"https:\/\/kalajoenvarjoliitajat.net\/wordpress\/index.php?rest_route=%2Fwp%2Fv2%2Fmedia&parent=929"}],"wp:term":[{"taxonomy":"category","embeddable":true,"href":"https:\/\/kalajoenvarjoliitajat.net\/wordpress\/index.php?rest_route=%2Fwp%2Fv2%2Fcategories&post=929"},{"taxonomy":"post_tag","embeddable":true,"href":"https:\/\/kalajoenvarjoliitajat.net\/wordpress\/index.php?rest_route=%2Fwp%2Fv2%2Ftags&post=929"}],"curies":[{"name":"wp","href":"https:\/\/api.w.org\/{rel}","templated":true}]}}