{"id":919,"date":"2019-11-06T17:41:16","date_gmt":"2019-11-06T17:41:16","guid":{"rendered":"http:\/\/kalajoenvarjoliitajat.net\/wordpress\/?p=919"},"modified":"2019-11-06T17:45:16","modified_gmt":"2019-11-06T17:45:16","slug":"xcontest-kerhoranking-voitto-kalajoen-ilmailukerholle","status":"publish","type":"post","link":"https:\/\/kalajoenvarjoliitajat.net\/wordpress\/?p=919","title":{"rendered":"XContest kerhoranking voitto Kalajoen Ilmailukerholle"},"content":{"rendered":"<div id=\"attachment_869\" style=\"width: 485px\" class=\"wp-caption aligncenter\"><a href=\"https:\/\/www.xcontest.org\/2019\/finland\/varjoliito-kerhoranking\/pilotit:1828\"><img loading=\"lazy\" decoding=\"async\" aria-describedby=\"caption-attachment-869\" class=\"wp-image-869 \" src=\"https:\/\/kalajoenvarjoliitajat.net\/wordpress\/wp-content\/uploads\/2019\/11\/2019Kerhoranking.png\" alt=\"\" width=\"475\" height=\"397\" srcset=\"https:\/\/kalajoenvarjoliitajat.net\/wordpress\/wp-content\/uploads\/2019\/11\/2019Kerhoranking.png 793w, https:\/\/kalajoenvarjoliitajat.net\/wordpress\/wp-content\/uploads\/2019\/11\/2019Kerhoranking-300x251.png 300w, https:\/\/kalajoenvarjoliitajat.net\/wordpress\/wp-content\/uploads\/2019\/11\/2019Kerhoranking-768x642.png 768w, https:\/\/kalajoenvarjoliitajat.net\/wordpress\/wp-content\/uploads\/2019\/11\/2019Kerhoranking-619x518.png 619w\" sizes=\"auto, (max-width: 475px) 100vw, 475px\" \/><\/a><p id=\"caption-attachment-869\" class=\"wp-caption-text\">Klikkaamalla kuvaa siirryt kerhomme XContest 2019 tulossivulle.<\/p><\/div>\n<h3>Kun WhatsAppissa p\u00e4r\u00e4ht\u00e4\u00e4 viesti jossa lukee &#8220;Hyv\u00e4 me!&#8221; niin tiet\u00e4\u00e4 ett\u00e4 virallista postia on tullut.<\/h3>\n<p><strong>Vuosi 2019 osoittautui kilpailuhenkiseksi<\/strong> ja toinen toistaan pidempi\u00e4 matkalentoja alkoi kerty\u00e4 XContestin tuloslistalle. Moni liit\u00e4j\u00e4 rikkoi omat enn\u00e4tyksens\u00e4 mit\u00e4 tulee sek\u00e4 matkan pituuteen ett\u00e4 kestoon. Kauden keskivaiheilla ei mik\u00e4\u00e4n en\u00e4\u00e4n tuntunut mahdottomalta ja kent\u00e4lle l\u00e4hdettiin yh\u00e4 vain vaativampaan keliin.<\/p>\n<p>Kovatuuliset p\u00e4iv\u00e4t ja er\u00e4iden pilottien kova tahtotila ruokki enn\u00e4tysten rikkoutumista yh\u00e4 uudestaan ja uudestaan. Mukaan mahtui my\u00f6s kaksi uutta suomenenn\u00e4tyst\u00e4, joista toinen kuitenkin ehti olla voimassa vain v\u00e4h\u00e4n yli tunnin ennen kuin se armotta pyyhkiytyi enn\u00e4tyslistan kakkoseksi.<\/p>\n<p>&nbsp;<\/p>\n<blockquote>\n<div id=\"attachment_889\" style=\"width: 216px\" class=\"wp-caption alignright\"><a href=\"https:\/\/kalajoenvarjoliitajat.net\/wordpress\/wp-content\/uploads\/2019\/11\/Pekka-SE.png\" target=\"_blank\" rel=\"noopener\"><img loading=\"lazy\" decoding=\"async\" aria-describedby=\"caption-attachment-889\" class=\"wp-image-889\" src=\"https:\/\/kalajoenvarjoliitajat.net\/wordpress\/wp-content\/uploads\/2019\/11\/Pekka-SE-300x235.png\" alt=\"\" width=\"206\" height=\"161\" srcset=\"https:\/\/kalajoenvarjoliitajat.net\/wordpress\/wp-content\/uploads\/2019\/11\/Pekka-SE-300x235.png 300w, https:\/\/kalajoenvarjoliitajat.net\/wordpress\/wp-content\/uploads\/2019\/11\/Pekka-SE-768x601.png 768w, https:\/\/kalajoenvarjoliitajat.net\/wordpress\/wp-content\/uploads\/2019\/11\/Pekka-SE-619x484.png 619w, https:\/\/kalajoenvarjoliitajat.net\/wordpress\/wp-content\/uploads\/2019\/11\/Pekka-SE.png 798w\" sizes=\"auto, (max-width: 206px) 100vw, 206px\" \/><\/a><p id=\"caption-attachment-889\" class=\"wp-caption-text\">Pekka Raudaskosken 350km lento.<\/p><\/div>\n<p>&nbsp;<\/p>\n<p>Pekka Raudaskosken eeppisen pitk\u00e4t lennot alkoivat houkutella my\u00f6s vierailevia pilotteja EFYLin hinausjonoon.<\/p>\n<p>Monen enn\u00e4tysyritys j\u00e4i kuitenkin haaveeksi.<\/p><\/blockquote>\n<p>&nbsp;<\/p>\n<p>&nbsp;<\/p>\n<p>&nbsp;<\/p>\n<p><strong>Kun kilpailukausi sitten loppui<\/strong> ja tulokset ly\u00f6tiin lukkoon, l\u00f6ytyi pieni mutta innokas joukkomme tuloslistan k\u00e4rjest\u00e4. Ilman Pekan huimia lentoja emme komeilisi tuloslistan k\u00e4rjess\u00e4. Mutta ilman osallistuvaa joukkoa ei Pekkakaan olisi p\u00e4\u00e4ssyt enn\u00e4tyslentojaan toteuttamaan.<\/p>\n<p>Yhdess\u00e4 tekeminen ja toisten auttaminen ja kannustaminen t\u00e4m\u00e4n mahdollistivat.\u00a0Hyv\u00e4 me! Ensi vuonna sitten lis\u00e4\u00e4.<\/p>\n<p>Pytinki tuodaan kerhon pikkujouluihin kaikkien halukkaiden ihmetelt\u00e4v\u00e4ksi.<\/p>\n<p>Kerhon 2019 XContest tulossivu: <a href=\"https:\/\/www.xcontest.org\/2019\/finland\/varjoliito-kerhoranking\/pilotit:1828\">Lue lis\u00e4\u00e4&#8230;<\/a><\/p>\n<p>&nbsp;<\/p>\n","protected":false},"excerpt":{"rendered":"<p>Kun WhatsAppissa p\u00e4r\u00e4ht\u00e4\u00e4 viesti jossa lukee &#8220;Hyv\u00e4 me!&#8221; niin tiet\u00e4\u00e4 ett\u00e4 virallista postia on tullut. Vuosi 2019 osoittautui kilpailuhenkiseksi ja toinen toistaan pidempi\u00e4 matkalentoja alkoi kerty\u00e4 XContestin tuloslistalle. Moni liit\u00e4j\u00e4 rikkoi omat enn\u00e4tyksens\u00e4 mit\u00e4 tulee sek\u00e4 matkan pituuteen ett\u00e4 kestoon. Kauden keskivaiheilla ei mik\u00e4\u00e4n en\u00e4\u00e4n tuntunut mahdottomalta ja kent\u00e4lle l\u00e4hdettiin yh\u00e4 vain vaativampaan keliin. Kovatuuliset [&hellip;]<\/p>\n","protected":false},"author":3,"featured_media":0,"comment_status":"open","ping_status":"open","sticky":false,"template":"","format":"standard","meta":{"footnotes":""},"categories":[1],"tags":[],"class_list":["post-919","post","type-post","status-publish","format-standard","hentry","category-ajankohtaista-etusivu"],"_links":{"self":[{"href":"https:\/\/kalajoenvarjoliitajat.net\/wordpress\/index.php?rest_route=\/wp\/v2\/posts\/919","targetHints":{"allow":["GET"]}}],"collection":[{"href":"https:\/\/kalajoenvarjoliitajat.net\/wordpress\/index.php?rest_route=\/wp\/v2\/posts"}],"about":[{"href":"https:\/\/kalajoenvarjoliitajat.net\/wordpress\/index.php?rest_route=\/wp\/v2\/types\/post"}],"author":[{"embeddable":true,"href":"https:\/\/kalajoenvarjoliitajat.net\/wordpress\/index.php?rest_route=\/wp\/v2\/users\/3"}],"replies":[{"embeddable":true,"href":"https:\/\/kalajoenvarjoliitajat.net\/wordpress\/index.php?rest_route=%2Fwp%2Fv2%2Fcomments&post=919"}],"version-history":[{"count":4,"href":"https:\/\/kalajoenvarjoliitajat.net\/wordpress\/index.php?rest_route=\/wp\/v2\/posts\/919\/revisions"}],"predecessor-version":[{"id":1318,"href":"https:\/\/kalajoenvarjoliitajat.net\/wordpress\/index.php?rest_route=\/wp\/v2\/posts\/919\/revisions\/1318"}],"wp:attachment":[{"href":"https:\/\/kalajoenvarjoliitajat.net\/wordpress\/index.php?rest_route=%2Fwp%2Fv2%2Fmedia&parent=919"}],"wp:term":[{"taxonomy":"category","embeddable":true,"href":"https:\/\/kalajoenvarjoliitajat.net\/wordpress\/index.php?rest_route=%2Fwp%2Fv2%2Fcategories&post=919"},{"taxonomy":"post_tag","embeddable":true,"href":"https:\/\/kalajoenvarjoliitajat.net\/wordpress\/index.php?rest_route=%2Fwp%2Fv2%2Ftags&post=919"}],"curies":[{"name":"wp","href":"https:\/\/api.w.org\/{rel}","templated":true}]}}