{"id":736,"date":"2019-10-21T21:51:57","date_gmt":"2019-10-21T21:51:57","guid":{"rendered":"http:\/\/kalajoenvarjoliitajat.net\/wordpress\/?p=736"},"modified":"2019-11-14T12:32:24","modified_gmt":"2019-11-14T12:32:24","slug":"vuoden-2020-kurssi","status":"publish","type":"post","link":"https:\/\/kalajoenvarjoliitajat.net\/wordpress\/?p=736","title":{"rendered":"Vuoden 2020 kurssi"},"content":{"rendered":"<h3><strong>Vuoden 2020 kurssi on nyt t\u00e4ynn\u00e4!<\/strong><\/h3>\n<p>Ole kuitenkin yhteydess\u00e4 opettajimme mik\u00e4li varjoliito kiinnostaa.<\/p>\n<p><a href=\"https:\/\/kalajoenvarjoliitajat.net\/wordpress\/?page_id=5\"><img loading=\"lazy\" decoding=\"async\" class=\"size-large wp-image-737\" src=\"https:\/\/kalajoenvarjoliitajat.net\/wordpress\/wp-content\/uploads\/2019\/10\/SinustakoMOVA003-1024x641.jpg\" alt=\"\" width=\"660\" height=\"413\" srcset=\"https:\/\/kalajoenvarjoliitajat.net\/wordpress\/wp-content\/uploads\/2019\/10\/SinustakoMOVA003-1024x641.jpg 1024w, https:\/\/kalajoenvarjoliitajat.net\/wordpress\/wp-content\/uploads\/2019\/10\/SinustakoMOVA003-300x188.jpg 300w, https:\/\/kalajoenvarjoliitajat.net\/wordpress\/wp-content\/uploads\/2019\/10\/SinustakoMOVA003-768x481.jpg 768w, https:\/\/kalajoenvarjoliitajat.net\/wordpress\/wp-content\/uploads\/2019\/10\/SinustakoMOVA003-619x387.jpg 619w\" sizes=\"auto, (max-width: 660px) 100vw, 660px\" \/><\/a><\/p>\n<p><strong>Klikkaa kuvaa ja lue koulutuksestamme!<\/strong><\/p>\n<p style=\"text-align: left;\">Opettajien yhteystiedot l\u00f6ytyv\u00e4t samalta sivulta. Soita ja kysy rohkeasti mik\u00e4li homma yht\u00e4\u00e4n kiinnostaa.<\/p>\n<p style=\"text-align: left;\"><del>Ilmoittautumiset 15.12.2019 menness\u00e4<\/del> koulutusp\u00e4\u00e4likk\u00f6 Hannu Kuroselle:\u00a0 040-554 2478<\/p>\n<p><a href=\"https:\/\/www.facebook.com\/groups\/152292264782552\/\">Facebookin puolella my\u00f6s lis\u00e4\u00e4 kuvia ja videoita:\u00a0Kalajoen varjoliit\u00e4j\u00e4t<\/a><\/p>\n","protected":false},"excerpt":{"rendered":"<p>Vuoden 2020 kurssi on nyt t\u00e4ynn\u00e4! Ole kuitenkin yhteydess\u00e4 opettajimme mik\u00e4li varjoliito kiinnostaa. Klikkaa kuvaa ja lue koulutuksestamme! Opettajien yhteystiedot l\u00f6ytyv\u00e4t samalta sivulta. Soita ja kysy rohkeasti mik\u00e4li homma yht\u00e4\u00e4n kiinnostaa. Ilmoittautumiset 15.12.2019 menness\u00e4 koulutusp\u00e4\u00e4likk\u00f6 Hannu Kuroselle:\u00a0 040-554 2478 Facebookin puolella my\u00f6s lis\u00e4\u00e4 kuvia ja videoita:\u00a0Kalajoen varjoliit\u00e4j\u00e4t<\/p>\n","protected":false},"author":3,"featured_media":0,"comment_status":"open","ping_status":"open","sticky":false,"template":"","format":"standard","meta":{"footnotes":""},"categories":[1],"tags":[],"class_list":["post-736","post","type-post","status-publish","format-standard","hentry","category-ajankohtaista-etusivu"],"_links":{"self":[{"href":"https:\/\/kalajoenvarjoliitajat.net\/wordpress\/index.php?rest_route=\/wp\/v2\/posts\/736","targetHints":{"allow":["GET"]}}],"collection":[{"href":"https:\/\/kalajoenvarjoliitajat.net\/wordpress\/index.php?rest_route=\/wp\/v2\/posts"}],"about":[{"href":"https:\/\/kalajoenvarjoliitajat.net\/wordpress\/index.php?rest_route=\/wp\/v2\/types\/post"}],"author":[{"embeddable":true,"href":"https:\/\/kalajoenvarjoliitajat.net\/wordpress\/index.php?rest_route=\/wp\/v2\/users\/3"}],"replies":[{"embeddable":true,"href":"https:\/\/kalajoenvarjoliitajat.net\/wordpress\/index.php?rest_route=%2Fwp%2Fv2%2Fcomments&post=736"}],"version-history":[{"count":13,"href":"https:\/\/kalajoenvarjoliitajat.net\/wordpress\/index.php?rest_route=\/wp\/v2\/posts\/736\/revisions"}],"predecessor-version":[{"id":927,"href":"https:\/\/kalajoenvarjoliitajat.net\/wordpress\/index.php?rest_route=\/wp\/v2\/posts\/736\/revisions\/927"}],"wp:attachment":[{"href":"https:\/\/kalajoenvarjoliitajat.net\/wordpress\/index.php?rest_route=%2Fwp%2Fv2%2Fmedia&parent=736"}],"wp:term":[{"taxonomy":"category","embeddable":true,"href":"https:\/\/kalajoenvarjoliitajat.net\/wordpress\/index.php?rest_route=%2Fwp%2Fv2%2Fcategories&post=736"},{"taxonomy":"post_tag","embeddable":true,"href":"https:\/\/kalajoenvarjoliitajat.net\/wordpress\/index.php?rest_route=%2Fwp%2Fv2%2Ftags&post=736"}],"curies":[{"name":"wp","href":"https:\/\/api.w.org\/{rel}","templated":true}]}}