{"id":728,"date":"2019-05-31T13:40:42","date_gmt":"2019-05-31T13:40:42","guid":{"rendered":"http:\/\/kalajoenvarjoliitajat.net\/wordpress\/?p=728"},"modified":"2019-05-31T13:43:39","modified_gmt":"2019-05-31T13:43:39","slug":"varjoliitojaos-vieraili-ilmailupaivilla","status":"publish","type":"post","link":"https:\/\/kalajoenvarjoliitajat.net\/wordpress\/?p=728","title":{"rendered":"Vierailu Ilmailup\u00e4ivill\u00e4"},"content":{"rendered":"<div id=\"attachment_730\" style=\"width: 670px\" class=\"wp-caption alignnone\"><a href=\"https:\/\/kalajoenvarjoliitajat.net\/wordpress\/wp-content\/uploads\/2019\/05\/KIK_KAIK.jpg\"><img loading=\"lazy\" decoding=\"async\" aria-describedby=\"caption-attachment-730\" class=\"size-large wp-image-730\" src=\"https:\/\/kalajoenvarjoliitajat.net\/wordpress\/wp-content\/uploads\/2019\/05\/KIK_KAIK-1024x544.jpg\" alt=\"\" width=\"660\" height=\"351\" srcset=\"https:\/\/kalajoenvarjoliitajat.net\/wordpress\/wp-content\/uploads\/2019\/05\/KIK_KAIK-1024x544.jpg 1024w, https:\/\/kalajoenvarjoliitajat.net\/wordpress\/wp-content\/uploads\/2019\/05\/KIK_KAIK-300x159.jpg 300w, https:\/\/kalajoenvarjoliitajat.net\/wordpress\/wp-content\/uploads\/2019\/05\/KIK_KAIK-768x408.jpg 768w, https:\/\/kalajoenvarjoliitajat.net\/wordpress\/wp-content\/uploads\/2019\/05\/KIK_KAIK-619x329.jpg 619w, https:\/\/kalajoenvarjoliitajat.net\/wordpress\/wp-content\/uploads\/2019\/05\/KIK_KAIK.jpg 1416w\" sizes=\"auto, (max-width: 660px) 100vw, 660px\" \/><\/a><p id=\"caption-attachment-730\" class=\"wp-caption-text\">KIK Ilmailup\u00e4iv\u00e4. 30.5.2019.<\/p><\/div>\n<h4>Kerhomme j\u00e4seni\u00e4 k\u00e4vi helatorstaina Kokkolan Ilmailukerhon Ilmailup\u00e4iv\u00e4-tapahtumassa esittelem\u00e4ss\u00e4 varjoliitoa.<\/h4>\n<p>Esill\u00e4 oli sek\u00e4 vapaa- ett\u00e4 mootorivarjoliidon kalustoa. Videot auttoivat havannolistamaan lajia ja kiinnostusta l\u00f6ytyi koko ik\u00e4haitarista. V\u00e4lill\u00e4 kiinnostuneita oli jonoksi asti. Tuulinen s\u00e4\u00e4 ja j\u00e4rjest\u00e4jien suljettu ohjelma ei antanut mahdollisuutta esitell\u00e4 lentoa k\u00e4yt\u00e4nn\u00f6ss\u00e4.<\/p>\n","protected":false},"excerpt":{"rendered":"<p>Kerhomme j\u00e4seni\u00e4 k\u00e4vi helatorstaina Kokkolan Ilmailukerhon Ilmailup\u00e4iv\u00e4-tapahtumassa esittelem\u00e4ss\u00e4 varjoliitoa. Esill\u00e4 oli sek\u00e4 vapaa- ett\u00e4 mootorivarjoliidon kalustoa. Videot auttoivat havannolistamaan lajia ja kiinnostusta l\u00f6ytyi koko ik\u00e4haitarista. V\u00e4lill\u00e4 kiinnostuneita oli jonoksi asti. Tuulinen s\u00e4\u00e4 ja j\u00e4rjest\u00e4jien suljettu ohjelma ei antanut mahdollisuutta esitell\u00e4 lentoa k\u00e4yt\u00e4nn\u00f6ss\u00e4.<\/p>\n","protected":false},"author":3,"featured_media":0,"comment_status":"open","ping_status":"open","sticky":false,"template":"","format":"standard","meta":{"footnotes":""},"categories":[6,1],"tags":[],"class_list":["post-728","post","type-post","status-publish","format-standard","hentry","category-ajankohtaista","category-ajankohtaista-etusivu"],"_links":{"self":[{"href":"https:\/\/kalajoenvarjoliitajat.net\/wordpress\/index.php?rest_route=\/wp\/v2\/posts\/728","targetHints":{"allow":["GET"]}}],"collection":[{"href":"https:\/\/kalajoenvarjoliitajat.net\/wordpress\/index.php?rest_route=\/wp\/v2\/posts"}],"about":[{"href":"https:\/\/kalajoenvarjoliitajat.net\/wordpress\/index.php?rest_route=\/wp\/v2\/types\/post"}],"author":[{"embeddable":true,"href":"https:\/\/kalajoenvarjoliitajat.net\/wordpress\/index.php?rest_route=\/wp\/v2\/users\/3"}],"replies":[{"embeddable":true,"href":"https:\/\/kalajoenvarjoliitajat.net\/wordpress\/index.php?rest_route=%2Fwp%2Fv2%2Fcomments&post=728"}],"version-history":[{"count":4,"href":"https:\/\/kalajoenvarjoliitajat.net\/wordpress\/index.php?rest_route=\/wp\/v2\/posts\/728\/revisions"}],"predecessor-version":[{"id":733,"href":"https:\/\/kalajoenvarjoliitajat.net\/wordpress\/index.php?rest_route=\/wp\/v2\/posts\/728\/revisions\/733"}],"wp:attachment":[{"href":"https:\/\/kalajoenvarjoliitajat.net\/wordpress\/index.php?rest_route=%2Fwp%2Fv2%2Fmedia&parent=728"}],"wp:term":[{"taxonomy":"category","embeddable":true,"href":"https:\/\/kalajoenvarjoliitajat.net\/wordpress\/index.php?rest_route=%2Fwp%2Fv2%2Fcategories&post=728"},{"taxonomy":"post_tag","embeddable":true,"href":"https:\/\/kalajoenvarjoliitajat.net\/wordpress\/index.php?rest_route=%2Fwp%2Fv2%2Ftags&post=728"}],"curies":[{"name":"wp","href":"https:\/\/api.w.org\/{rel}","templated":true}]}}