{"id":714,"date":"2019-04-02T07:51:47","date_gmt":"2019-04-02T07:51:47","guid":{"rendered":"http:\/\/kalajoenvarjoliitajat.net\/wordpress\/?p=714"},"modified":"2019-04-02T07:51:47","modified_gmt":"2019-04-02T07:51:47","slug":"koulutus-edistyy-ja-termot-heraavat","status":"publish","type":"post","link":"https:\/\/kalajoenvarjoliitajat.net\/wordpress\/?p=714","title":{"rendered":"Koulutus edistyy ja termot her\u00e4\u00e4v\u00e4t"},"content":{"rendered":"<div id=\"attachment_715\" style=\"width: 670px\" class=\"wp-caption alignnone\"><a href=\"https:\/\/kalajoenvarjoliitajat.net\/wordpress\/wp-content\/uploads\/2019\/04\/koulutusAdamPreview.jpg\"><img loading=\"lazy\" decoding=\"async\" aria-describedby=\"caption-attachment-715\" class=\"size-large wp-image-715\" src=\"https:\/\/kalajoenvarjoliitajat.net\/wordpress\/wp-content\/uploads\/2019\/04\/koulutusAdamPreview-1024x576.jpg\" alt=\"\" width=\"660\" height=\"371\" srcset=\"https:\/\/kalajoenvarjoliitajat.net\/wordpress\/wp-content\/uploads\/2019\/04\/koulutusAdamPreview-1024x576.jpg 1024w, https:\/\/kalajoenvarjoliitajat.net\/wordpress\/wp-content\/uploads\/2019\/04\/koulutusAdamPreview-300x169.jpg 300w, https:\/\/kalajoenvarjoliitajat.net\/wordpress\/wp-content\/uploads\/2019\/04\/koulutusAdamPreview-768x432.jpg 768w, https:\/\/kalajoenvarjoliitajat.net\/wordpress\/wp-content\/uploads\/2019\/04\/koulutusAdamPreview-619x348.jpg 619w, https:\/\/kalajoenvarjoliitajat.net\/wordpress\/wp-content\/uploads\/2019\/04\/koulutusAdamPreview.jpg 1409w\" sizes=\"auto, (max-width: 660px) 100vw, 660px\" \/><\/a><p id=\"caption-attachment-715\" class=\"wp-caption-text\">Lennonopettaja Anssi Peltola avaa maak\u00e4sittelyn saloja oppilaille. PP2 varjoliitokoulutusta. EFYL. 31.3.2019.<\/p><\/div>\n<p>Vuoden 2019 PP2 kurssi on teorian osalta valmis ja k\u00e4yt\u00e4nn\u00f6n lentokoulutus hyv\u00e4ll\u00e4 mallilla. Tuulinen kev\u00e4ttalvi on hidastanut koulutusta mutta innokkaat oppilaat ovat ilmestyneet paikalle aina kun mahdollisuus on ollut.<\/p>\n<p>Kalajoen k\u00e4nt\u00e4ll\u00e4 on t\u00e4h\u00e4n asti suoritettu oppilashinaukset. Ylivieskan kentt\u00e4 otettiin k\u00e4ytt\u00f6\u00f6n maaliskkuun viimeisen\u00e4 p\u00e4iv\u00e4n\u00e4.<\/p>\n<p>Paljon on viel\u00e4 lunta ja j\u00e4\u00e4t\u00e4 maastossa mutta keskip\u00e4iv\u00e4n aurinko l\u00e4mmitt\u00e4\u00e4 ja termiikki\u00e4 on jo havaittavissa.<\/p>\n<p>Nyt on aika kaivaa varusteet varastosta, tuulettaa siivet ja tulla hinausjonoon kitkem\u00e4\u00e4n j\u00e4ykkyys lentolihaksista.<\/p>\n<p>Kent\u00e4ll\u00e4 n\u00e4hd\u00e4\u00e4n!<\/p>\n","protected":false},"excerpt":{"rendered":"<p>Vuoden 2019 PP2 kurssi on teorian osalta valmis ja k\u00e4yt\u00e4nn\u00f6n lentokoulutus hyv\u00e4ll\u00e4 mallilla. Tuulinen kev\u00e4ttalvi on hidastanut koulutusta mutta innokkaat oppilaat ovat ilmestyneet paikalle aina kun mahdollisuus on ollut. Kalajoen k\u00e4nt\u00e4ll\u00e4 on t\u00e4h\u00e4n asti suoritettu oppilashinaukset. Ylivieskan kentt\u00e4 otettiin k\u00e4ytt\u00f6\u00f6n maaliskkuun viimeisen\u00e4 p\u00e4iv\u00e4n\u00e4. Paljon on viel\u00e4 lunta ja j\u00e4\u00e4t\u00e4 maastossa mutta keskip\u00e4iv\u00e4n aurinko l\u00e4mmitt\u00e4\u00e4 ja [&hellip;]<\/p>\n","protected":false},"author":3,"featured_media":0,"comment_status":"open","ping_status":"open","sticky":false,"template":"","format":"standard","meta":{"footnotes":""},"categories":[1],"tags":[13,12,7],"class_list":["post-714","post","type-post","status-publish","format-standard","hentry","category-ajankohtaista-etusivu","tag-kalajoen-ilmailukerho","tag-koulutus","tag-varjoliito"],"_links":{"self":[{"href":"https:\/\/kalajoenvarjoliitajat.net\/wordpress\/index.php?rest_route=\/wp\/v2\/posts\/714","targetHints":{"allow":["GET"]}}],"collection":[{"href":"https:\/\/kalajoenvarjoliitajat.net\/wordpress\/index.php?rest_route=\/wp\/v2\/posts"}],"about":[{"href":"https:\/\/kalajoenvarjoliitajat.net\/wordpress\/index.php?rest_route=\/wp\/v2\/types\/post"}],"author":[{"embeddable":true,"href":"https:\/\/kalajoenvarjoliitajat.net\/wordpress\/index.php?rest_route=\/wp\/v2\/users\/3"}],"replies":[{"embeddable":true,"href":"https:\/\/kalajoenvarjoliitajat.net\/wordpress\/index.php?rest_route=%2Fwp%2Fv2%2Fcomments&post=714"}],"version-history":[{"count":3,"href":"https:\/\/kalajoenvarjoliitajat.net\/wordpress\/index.php?rest_route=\/wp\/v2\/posts\/714\/revisions"}],"predecessor-version":[{"id":718,"href":"https:\/\/kalajoenvarjoliitajat.net\/wordpress\/index.php?rest_route=\/wp\/v2\/posts\/714\/revisions\/718"}],"wp:attachment":[{"href":"https:\/\/kalajoenvarjoliitajat.net\/wordpress\/index.php?rest_route=%2Fwp%2Fv2%2Fmedia&parent=714"}],"wp:term":[{"taxonomy":"category","embeddable":true,"href":"https:\/\/kalajoenvarjoliitajat.net\/wordpress\/index.php?rest_route=%2Fwp%2Fv2%2Fcategories&post=714"},{"taxonomy":"post_tag","embeddable":true,"href":"https:\/\/kalajoenvarjoliitajat.net\/wordpress\/index.php?rest_route=%2Fwp%2Fv2%2Ftags&post=714"}],"curies":[{"name":"wp","href":"https:\/\/api.w.org\/{rel}","templated":true}]}}