{"id":1115,"date":"2020-03-05T20:48:50","date_gmt":"2020-03-05T20:48:50","guid":{"rendered":"http:\/\/kalajoenvarjoliitajat.net\/wordpress\/?p=1115"},"modified":"2021-03-06T08:38:30","modified_gmt":"2021-03-06T08:38:30","slug":"vuoden-2020-kurssi-nyt-ilmassa","status":"publish","type":"post","link":"https:\/\/kalajoenvarjoliitajat.net\/wordpress\/?p=1115","title":{"rendered":"Vuoden 2020 kurssi nyt ilmassa"},"content":{"rendered":"<div id=\"attachment_1107\" style=\"width: 670px\" class=\"wp-caption alignnone\"><img loading=\"lazy\" decoding=\"async\" aria-describedby=\"caption-attachment-1107\" class=\"wp-image-1107 size-large\" src=\"https:\/\/kalajoenvarjoliitajat.net\/wordpress\/wp-content\/uploads\/2020\/03\/DSC00619-1024x649.jpg\" alt=\"\" width=\"660\" height=\"418\" srcset=\"https:\/\/kalajoenvarjoliitajat.net\/wordpress\/wp-content\/uploads\/2020\/03\/DSC00619-1024x649.jpg 1024w, https:\/\/kalajoenvarjoliitajat.net\/wordpress\/wp-content\/uploads\/2020\/03\/DSC00619-300x190.jpg 300w, https:\/\/kalajoenvarjoliitajat.net\/wordpress\/wp-content\/uploads\/2020\/03\/DSC00619-768x487.jpg 768w, https:\/\/kalajoenvarjoliitajat.net\/wordpress\/wp-content\/uploads\/2020\/03\/DSC00619-619x392.jpg 619w, https:\/\/kalajoenvarjoliitajat.net\/wordpress\/wp-content\/uploads\/2020\/03\/DSC00619.jpg 1732w\" sizes=\"auto, (max-width: 660px) 100vw, 660px\" \/><p id=\"caption-attachment-1107\" class=\"wp-caption-text\">PP2 oppilashinaus Kalajoen lentokent\u00e4ll\u00e4 1 maaliskuuta 2020.<\/p><\/div>\n<p><strong>Kun tuulet sek\u00e4 vesi- ja r\u00e4nt\u00e4sateet hetkeksi hellittiv\u00e4t,<\/strong> p\u00e4\u00e4stiin karkausp\u00e4iv\u00e4n\u00e4 Kalajoen lentokent\u00e4lle suorittamaan t\u00e4m\u00e4n vuoden ensimm\u00e4isi\u00e4 oppilashinauksia. Yhdell\u00e4 jos toisellakin meinasi alkutalvesta kelien kanssa hermo menn\u00e4, mutta kun sitten vauhtiin p\u00e4\u00e4stiin niin mentiin oikein kunnolla.<\/p>\n<p>Matalat saatiin joutuisasti pois alta\u00a0ja kun sunnuntaina vedettiin koko kent\u00e4n pituudelta hinauksia niin korkojakin rupesi tulemaan mukavasti. Yli 400m korot taisi tulla useammalle. Siin\u00e4 sitten tehtiin tiukempiakin kaarroksia, korvia ja mietoja heilureita. Ilmeisen kehityskelpoista porukkaa siis kurssilla. Ja kun siipikalustokin on p\u00e4ivitetty kokonaan uusin MAC PARA Muse4 liitimiin, niin mik\u00e4s siin\u00e4 oli touhutessa.<\/p>\n<p><strong>Jonkinsortin enn\u00e4tys taisi my\u00f6s rikkoontua:<\/strong> yht\u00e4\u00e4n starttia ei tainnut tarvita kahden p\u00e4iv\u00e4n aikana keskeytt\u00e4\u00e4. Ja niit\u00e4 tuli oppilaille kuitenkin l\u00e4hemm\u00e4s 70kpl. Eli hyvin pelaa kyll\u00e4 Muse4.<\/p>\n<div id=\"attachment_1111\" style=\"width: 670px\" class=\"wp-caption alignnone\"><img loading=\"lazy\" decoding=\"async\" aria-describedby=\"caption-attachment-1111\" class=\"wp-image-1111 size-large\" src=\"https:\/\/kalajoenvarjoliitajat.net\/wordpress\/wp-content\/uploads\/2020\/03\/Muse4_Macpara_logo-1024x624.jpg\" alt=\"\" width=\"660\" height=\"402\" srcset=\"https:\/\/kalajoenvarjoliitajat.net\/wordpress\/wp-content\/uploads\/2020\/03\/Muse4_Macpara_logo-1024x624.jpg 1024w, https:\/\/kalajoenvarjoliitajat.net\/wordpress\/wp-content\/uploads\/2020\/03\/Muse4_Macpara_logo-300x183.jpg 300w, https:\/\/kalajoenvarjoliitajat.net\/wordpress\/wp-content\/uploads\/2020\/03\/Muse4_Macpara_logo-768x468.jpg 768w, https:\/\/kalajoenvarjoliitajat.net\/wordpress\/wp-content\/uploads\/2020\/03\/Muse4_Macpara_logo-619x377.jpg 619w, https:\/\/kalajoenvarjoliitajat.net\/wordpress\/wp-content\/uploads\/2020\/03\/Muse4_Macpara_logo.jpg 1822w\" sizes=\"auto, (max-width: 660px) 100vw, 660px\" \/><p id=\"caption-attachment-1111\" class=\"wp-caption-text\">Koulutussiipen\u00e4 Macpara Muse4.<\/p><\/div>\n","protected":false},"excerpt":{"rendered":"<p>Kun tuulet sek\u00e4 vesi- ja r\u00e4nt\u00e4sateet hetkeksi hellittiv\u00e4t, p\u00e4\u00e4stiin karkausp\u00e4iv\u00e4n\u00e4 Kalajoen lentokent\u00e4lle suorittamaan t\u00e4m\u00e4n vuoden ensimm\u00e4isi\u00e4 oppilashinauksia. Yhdell\u00e4 jos toisellakin meinasi alkutalvesta kelien kanssa hermo menn\u00e4, mutta kun sitten vauhtiin p\u00e4\u00e4stiin niin mentiin oikein kunnolla. Matalat saatiin joutuisasti pois alta\u00a0ja kun sunnuntaina vedettiin koko kent\u00e4n pituudelta hinauksia niin korkojakin rupesi tulemaan mukavasti. Yli 400m korot [&hellip;]<\/p>\n","protected":false},"author":3,"featured_media":0,"comment_status":"open","ping_status":"open","sticky":false,"template":"","format":"standard","meta":{"footnotes":""},"categories":[1],"tags":[],"class_list":["post-1115","post","type-post","status-publish","format-standard","hentry","category-ajankohtaista-etusivu"],"_links":{"self":[{"href":"https:\/\/kalajoenvarjoliitajat.net\/wordpress\/index.php?rest_route=\/wp\/v2\/posts\/1115","targetHints":{"allow":["GET"]}}],"collection":[{"href":"https:\/\/kalajoenvarjoliitajat.net\/wordpress\/index.php?rest_route=\/wp\/v2\/posts"}],"about":[{"href":"https:\/\/kalajoenvarjoliitajat.net\/wordpress\/index.php?rest_route=\/wp\/v2\/types\/post"}],"author":[{"embeddable":true,"href":"https:\/\/kalajoenvarjoliitajat.net\/wordpress\/index.php?rest_route=\/wp\/v2\/users\/3"}],"replies":[{"embeddable":true,"href":"https:\/\/kalajoenvarjoliitajat.net\/wordpress\/index.php?rest_route=%2Fwp%2Fv2%2Fcomments&post=1115"}],"version-history":[{"count":10,"href":"https:\/\/kalajoenvarjoliitajat.net\/wordpress\/index.php?rest_route=\/wp\/v2\/posts\/1115\/revisions"}],"predecessor-version":[{"id":1126,"href":"https:\/\/kalajoenvarjoliitajat.net\/wordpress\/index.php?rest_route=\/wp\/v2\/posts\/1115\/revisions\/1126"}],"wp:attachment":[{"href":"https:\/\/kalajoenvarjoliitajat.net\/wordpress\/index.php?rest_route=%2Fwp%2Fv2%2Fmedia&parent=1115"}],"wp:term":[{"taxonomy":"category","embeddable":true,"href":"https:\/\/kalajoenvarjoliitajat.net\/wordpress\/index.php?rest_route=%2Fwp%2Fv2%2Fcategories&post=1115"},{"taxonomy":"post_tag","embeddable":true,"href":"https:\/\/kalajoenvarjoliitajat.net\/wordpress\/index.php?rest_route=%2Fwp%2Fv2%2Ftags&post=1115"}],"curies":[{"name":"wp","href":"https:\/\/api.w.org\/{rel}","templated":true}]}}